{"id":514,"date":"2022-11-07T08:53:00","date_gmt":"2022-11-07T06:53:00","guid":{"rendered":"https:\/\/www.1aruandlus.ee\/?p=514"},"modified":"2023-04-24T10:46:49","modified_gmt":"2023-04-24T08:46:49","slug":"pakendiarvestus-teha-ise-voi-osta-teenust-sisse","status":"publish","type":"post","link":"https:\/\/www.1aruandlus.ee\/en\/pakendiaruanne\/pakendiarvestus-teha-ise-voi-osta-teenust-sisse\/","title":{"rendered":"Pakendiarvestus \u2013 teha ise v\u00f5i osta teenust sisse?"},"content":{"rendered":"<p>Teenuse tellimisele tasub m\u00f5elda kindlasti selliste t\u00f6\u00f6de puhul, kus spetsiifiliste teadmiste omamine v\u00f5ib s\u00e4\u00e4sta sinu ettev\u00f5ttele raha ja aega. Pakendiseadust on viimastel aastatel oluliselt muudetud ja riigil on mitmeid m\u00f5tteid, et pakendiarvestust tulevikus veelgi \u00fcmber korraldada. Nende muudatustega kursis olemine n\u00f5uab t\u00f6\u00f6tajate aega ja t\u00e4helepanu.<\/p>\n\n\n\n<p><em>Viimased muudatused: <a href=\"https:\/\/www.1aruandlus.ee\/en\/pakendiaruanne\/1-maist-kaovad-vaikestele-pakendiettevotjatele-moeldud-erisused\/\">1.maist kaovad v\u00e4ikestele pakendiettev\u00f5tjatele m\u00f5eldud erisused<\/a>; <a href=\"https:\/\/www.1aruandlus.ee\/en\/pakendiaruanne\/korduskasutuspakendi-deklareerimine\/\">alates 2023. aastast tuleb pakendiregistrisse esitada korduskasutuspakendite osas t\u00e4iendavad andmeid<\/a><\/em>; <a href=\"https:\/\/www.1aruandlus.ee\/en\/pakendiaruanne\/mono-ja-komposiitpakendite\/\">Mono- ja komposiitpakendite deklareerimine muutus kohustuslikuks<\/a>.<\/p>\n\n\n\n<p>Teatavasti on pakendiarvestuse pidamine Eestis kohustuslik k\u00f5igil nendel ettev\u00f5tetel, kes paiskavad oma tegevuse k\u00e4igus pakendeid Eesti turule. Seega on tegu just sellise kohustusega mille alaseid teadmiseid vajab iga pakendatud kaupu Eestisse toov ettev\u00f5te. Sellised teadmised aga t\u00f6\u00f6tajatel sageli puuduvad, sest tegemist on piisavalt spetsiifilise valdkonnaga, mida m\u00f5jutavad lisaks Eesti riigi seadustele ka Euroopa Liidu direktiividest tulenevad seadused. Viimane s\u00e4\u00e4rane seadusemuudatus hakkas kehtima 2019. aasta algusest, mille alusel pakendiettev\u00f5tjad ei tohi enam tarbijatele tasuta jagada \u00f5hukesi ja eriti \u00f5hukesi plastkandekotte.<\/p>\n\n\n\n<h2 class=\"wp-block-heading\">Miks osta pakendiarvestuse teenust sisse?<\/h2>\n\n\n\n<p>Pakendiarvestust v\u00f5etakse tihti kui t\u00fclikat lisakohustust, mis ei kuulu otseselt mitte \u00fchegi osakonna vastutusalasse. Seega antud teenuse sisse ostmine vabastaks ettev\u00f5tte t\u00f6\u00f6tajad sellest kohustusest ja nad saaksid oma v\u00e4\u00e4rtuslikku t\u00f6\u00f6aega kasutada p\u00f5hiliste t\u00f6\u00f6\u00fclesannete t\u00e4itmiseks. Kasvava majanduse ja sellega kaasneva tiheneva konkurentsi keskkonnas on ettev\u00f5tted \u00fcha enam suunanud oma pilgud teenuste sisseostule, n\u00e4hes selles eelk\u00f5ige head v\u00f5imalust kulude k\u00e4rpimiseks. Seda enam, et see teenus on v\u00f5imalik sisse osata v\u00e4ga m\u00f5istliku hinna eest! K\u00fcsi pakendiaruande pakkumist &#8211; <a href=\"mailto:info@1Aruandlus.ee\">info@1Aruandlus.ee<\/a>.<\/p>\n\n\n\n<h2 class=\"wp-block-heading\">Palju v\u00f5ib rahaliselt v\u00f5ita t\u00e4pse arvestusega?<\/h2>\n\n\n\n<p>Tooksin siinkohal \u00fche n\u00e4ite plastpakendi arvestamisest.<\/p>\n\n\n\n<p>Oletame, et ettev\u00f5te A ja B toovad m\u00f5lemad maale 2,5 tonni plastikut kvartalis. Kui ettev\u00f5te A deklareerib kogu plastiku m\u00fc\u00fcgipakendina oleks tema taaskasutusorganisatsioonile tasutav summa&nbsp; 55% taaskasutusm\u00e4\u00e4ra juures 561 eurot.<\/p>\n\n\n\n<p>Ettev\u00f5te B seevastu peab t\u00e4pset arvestust m\u00fc\u00fcgipakendi ning veo- ja r\u00fchmapakendi osas, ning deklareerib need samadel tingimustel eraldi vastavalt 1,5 tonni ja 1 tonn.<\/p>\n\n\n\n<p>Ettev\u00f5tte A taaskasutusorganisatsioonile tasutav summa oleks antud juhul 561 eurot, mis on&nbsp;<strong>164 eurot<\/strong> rohkem kui seda tasub ettev\u00f5te B.<\/p>\n\n\n\n<p>Selliseid vigu aitavad Teil v\u00e4ltida 1Aruandlus O\u00dc spetsialistid, kes vajadusel korrastavad olemasoleva v\u00f5i loovad t\u00e4iesti uue korrektse arvestuse.<\/p>\n\n\n\n<figure class=\"wp-block-table is-style-stripes\"><table><tbody><tr><td><strong>Ettev\u00f5te A<\/strong>                                   <\/td><td><strong>Ettev\u00f5te B<\/strong><\/td><\/tr><tr><td>Pakendimass kokku: 2,5 tonni                <br>M\u00fc\u00fcgipakend: 2,5 tonni<br>Veo- ja r\u00fchmapakend: \u2013<\/td><td>Pakendimass kokku: 2,5 tonni        <br>M\u00fc\u00fcgipakend: 1,5 tonni<br>Veo- ja r\u00fchmapakend: 1 tonn<\/td><\/tr><tr><td>Kulu kokku<strong>:<\/strong>&nbsp;561 eurot<\/td><td>Kulu kokku<strong>:<\/strong>&nbsp;397 eurot<br><strong>(V\u00f5it kokku 164 EUR)<\/strong><\/td><\/tr><\/tbody><\/table><\/figure>\n\n\n\n<h2 class=\"wp-block-heading\">Kindlus audiitorkontrolli korral<\/h2>\n\n\n\n<p>Eelnev n\u00e4ide ilmestab h\u00e4sti, et ka v\u00e4ikesest muudatusest v\u00f5ib saavutada kulude kokkuhoiu. Sama n\u00e4ite alusel toovad m\u00f5lemad ettev\u00f5tted maale \u00fcle 5 tonni pakendeid aastas, mis varem t\u00e4hendas automaatselt pakendiaruande auditeerimise kohustust <em>(n\u00fc\u00fcd on piirm\u00e4\u00e4raks 20 tonni aastas ja puhas otsus annab 3.aastase vabastuse)<\/em>. Puuduliku arvestusega v\u00f5ivad ettev\u00f5tted omale selle kohustuse hoopis \u00fcle deklareerimisega ise p\u00f5hjustada ja see oleks ka ettev\u00f5ttele otsene rahaline v\u00e4ljaminek. Teenust sisse ostes vaatame deklareeritud kogused p\u00f5hjalikult \u00fcle ja aitame vajadusel auditi l\u00e4biviimisel. V\u00f5tke meiega \u00fchendus <a href=\"mailto:info@1aruandlus.ee\">info@1aruandlus.ee<\/a> v\u00f5i 53436944.<\/p>\n\n\n\n<p><\/p>\n\n\n\n<p>Autor&nbsp;<a href=\"https:\/\/www.rmp.ee\/author\/hans-kristjan-aasma\">Hans-Kristjan Aasma<\/a><\/p>\n\n\n\n<p>Allikas <a rel=\"noreferrer noopener\" target=\"_blank\" href=\"https:\/\/www.1aruandlus.ee\/en\/\">1aruandlus.ee<\/a><br><\/p>","protected":false},"excerpt":{"rendered":"<p>Teenuse tellimisele tasub m\u00f5elda kindlasti selliste t\u00f6\u00f6de puhul, kus spetsiifiliste teadmiste omamine v\u00f5ib s\u00e4\u00e4sta sinu ettev\u00f5ttele raha ja aega. Pakendiseadust on viimastel aastatel oluliselt muudetud ja riigil on mitmeid m\u00f5tteid, et pakendiarvestust tulevikus veelgi \u00fcmber korraldada. Nende muudatustega kursis olemine n\u00f5uab t\u00f6\u00f6tajate aega ja t\u00e4helepanu. Viimased muudatused: 1.maist kaovad v\u00e4ikestele [&hellip;]<\/p>","protected":false},"author":1,"featured_media":515,"comment_status":"closed","ping_status":"open","sticky":false,"template":"","format":"standard","meta":{"_themeisle_gutenberg_block_has_review":false,"footnotes":""},"categories":[13],"tags":[7,5,67,22],"class_list":["post-514","post","type-post","status-publish","format-standard","has-post-thumbnail","hentry","category-pakendiaruanne","tag-pakend","tag-pakendiaruanne","tag-pakendiarvestus","tag-pakendiaudit"],"_links":{"self":[{"href":"https:\/\/www.1aruandlus.ee\/en\/wp-json\/wp\/v2\/posts\/514","targetHints":{"allow":["GET"]}}],"collection":[{"href":"https:\/\/www.1aruandlus.ee\/en\/wp-json\/wp\/v2\/posts"}],"about":[{"href":"https:\/\/www.1aruandlus.ee\/en\/wp-json\/wp\/v2\/types\/post"}],"author":[{"embeddable":true,"href":"https:\/\/www.1aruandlus.ee\/en\/wp-json\/wp\/v2\/users\/1"}],"replies":[{"embeddable":true,"href":"https:\/\/www.1aruandlus.ee\/en\/wp-json\/wp\/v2\/comments?post=514"}],"version-history":[{"count":16,"href":"https:\/\/www.1aruandlus.ee\/en\/wp-json\/wp\/v2\/posts\/514\/revisions"}],"predecessor-version":[{"id":1219,"href":"https:\/\/www.1aruandlus.ee\/en\/wp-json\/wp\/v2\/posts\/514\/revisions\/1219"}],"wp:featuredmedia":[{"embeddable":true,"href":"https:\/\/www.1aruandlus.ee\/en\/wp-json\/wp\/v2\/media\/515"}],"wp:attachment":[{"href":"https:\/\/www.1aruandlus.ee\/en\/wp-json\/wp\/v2\/media?parent=514"}],"wp:term":[{"taxonomy":"category","embeddable":true,"href":"https:\/\/www.1aruandlus.ee\/en\/wp-json\/wp\/v2\/categories?post=514"},{"taxonomy":"post_tag","embeddable":true,"href":"https:\/\/www.1aruandlus.ee\/en\/wp-json\/wp\/v2\/tags?post=514"}],"curies":[{"name":"wp","href":"https:\/\/api.w.org\/{rel}","templated":true}]}}